{"id":4928,"date":"2026-03-06T17:09:30","date_gmt":"2026-03-06T17:09:30","guid":{"rendered":"https:\/\/fshi.edu.mk\/?p=4928"},"modified":"2026-03-06T17:09:30","modified_gmt":"2026-03-06T17:09:30","slug":"fakulteti-i-shkencave-islame-shkup-uron-7-marsin-diten-e-mesuesit","status":"publish","type":"post","link":"https:\/\/fshi.edu.mk\/mk\/fakulteti-i-shkencave-islame-shkup-uron-7-marsin-diten-e-mesuesit\/","title":{"rendered":"Fakulteti i Shkencave Islame \u2013 Shkup uron 7 Marsin, Dit\u00ebn e M\u00ebsuesit"},"content":{"rendered":"<div class=\"xdj266r x14z9mp xat24cr x1lziwak x1vvkbs x126k92a\">\n<div dir=\"auto\">Me rastin e 7 Marsit \u2013 Dit\u00ebs s\u00eb M\u00ebsuesit, Fakulteti i Shkencave Islame n\u00eb Shkup shpreh urimet dhe mir\u00ebnjohjen m\u00eb t\u00eb thell\u00eb p\u00ebr t\u00eb gjith\u00eb m\u00ebsuesit, pedagog\u00ebt dhe edukator\u00ebt q\u00eb me p\u00ebrkushtim dhe p\u00ebrgjegj\u00ebsi kontribuojn\u00eb n\u00eb edukimin dhe formimin e brezave t\u00eb rinj.<\/div>\n<\/div>\n<div class=\"x14z9mp xat24cr x1lziwak x1vvkbs xtlvy1s x126k92a\">\n<div dir=\"auto\">Kjo dit\u00eb e ve\u00e7ant\u00eb p\u00ebrkujton hapjen e shkoll\u00ebs s\u00eb par\u00eb shqipe n\u00eb Kor\u00e7\u00eb m\u00eb 7 mars 1887, nj\u00eb ngjarje historike q\u00eb sh\u00ebnoi nj\u00eb hap t\u00eb r\u00ebnd\u00ebsish\u00ebm n\u00eb zhvillimin e arsimit dhe kultur\u00ebs komb\u00ebtare shqiptare.<\/div>\n<div dir=\"auto\">M\u00ebsuesit kan\u00eb qen\u00eb dhe mbeten udh\u00ebrr\u00ebfyes t\u00eb dijes, bart\u00ebs t\u00eb vlerave dhe nd\u00ebrtues t\u00eb s\u00eb ardhmes s\u00eb shoq\u00ebris\u00eb. P\u00ebrmes p\u00ebrkushtimit dhe pun\u00ebs s\u00eb tyre t\u00eb palodhshme, ata kontribuojn\u00eb n\u00eb formimin e individ\u00ebve t\u00eb ditur, t\u00eb p\u00ebrgjegjsh\u00ebm dhe t\u00eb dobish\u00ebm p\u00ebr shoq\u00ebrin\u00eb.<\/div>\n<div dir=\"auto\">N\u00eb k\u00ebt\u00eb dit\u00eb t\u00eb sh\u00ebnuar, shprehim fal\u00ebnderimet dhe respektin ton\u00eb t\u00eb sinqert\u00eb p\u00ebr t\u00eb gjith\u00eb ata q\u00eb me pasion dhe p\u00ebrkushtim i sh\u00ebrbejn\u00eb arsimit.<\/div>\n<div dir=\"auto\">G\u00ebzuar 7 Marsin \u2013 Dit\u00ebn e M\u00ebsuesit!<\/div>\n<\/div>\n<div class=\"x14z9mp xat24cr x1lziwak x1vvkbs xtlvy1s x126k92a\">\n<div dir=\"auto\">Me respekt,<\/div>\n<div dir=\"auto\">Prof. dr. Abdulxhemil Nesimi<\/div>\n<div dir=\"auto\">Dekan i Fakultetit t\u00eb Shkencave Islame \u2013 Shkup<\/div>\n<\/div>","protected":false},"excerpt":{"rendered":"<p>Me rastin e 7 Marsit \u2013 Dit\u00ebs s\u00eb M\u00ebsuesit, Fakulteti i Shkencave Islame n\u00eb Shkup shpreh urimet dhe mir\u00ebnjohjen m\u00eb t\u00eb thell\u00eb p\u00ebr t\u00eb gjith\u00eb m\u00ebsuesit, pedagog\u00ebt dhe edukator\u00ebt q\u00eb me p\u00ebrkushtim dhe p\u00ebrgjegj\u00ebsi kontribuojn\u00eb n\u00eb edukimin dhe formimin e brezave t\u00eb rinj. Kjo dit\u00eb e ve\u00e7ant\u00eb p\u00ebrkujton hapjen e shkoll\u00ebs s\u00eb par\u00eb shqipe n\u00eb Kor\u00e7\u00eb m\u00eb 7 mars 1887, nj\u00eb ngjarje historike q\u00eb sh\u00ebnoi nj\u00eb hap t\u00eb r\u00ebnd\u00ebsish\u00ebm n\u00eb zhvillimin e arsimit dhe kultur\u00ebs komb\u00ebtare shqiptare. M\u00ebsuesit kan\u00eb qen\u00eb dhe mbeten udh\u00ebrr\u00ebfyes t\u00eb dijes, bart\u00ebs t\u00eb vlerave dhe nd\u00ebrtues t\u00eb s\u00eb ardhmes s\u00eb shoq\u00ebris\u00eb. P\u00ebrmes p\u00ebrkushtimit dhe pun\u00ebs s\u00eb tyre <a href=\"https:\/\/fshi.edu.mk\/mk\/fakulteti-i-shkencave-islame-shkup-uron-7-marsin-diten-e-mesuesit\/\"> [&#8230;]<\/a><\/p>\n","protected":false},"author":4,"featured_media":4929,"comment_status":"closed","ping_status":"closed","sticky":false,"template":"","format":"standard","meta":{"footnotes":""},"categories":[2],"tags":[],"class_list":["post-4928","post","type-post","status-publish","format-standard","has-post-thumbnail","hentry","category-university-news"],"_links":{"self":[{"href":"https:\/\/fshi.edu.mk\/mk\/wp-json\/wp\/v2\/posts\/4928","targetHints":{"allow":["GET"]}}],"collection":[{"href":"https:\/\/fshi.edu.mk\/mk\/wp-json\/wp\/v2\/posts"}],"about":[{"href":"https:\/\/fshi.edu.mk\/mk\/wp-json\/wp\/v2\/types\/post"}],"author":[{"embeddable":true,"href":"https:\/\/fshi.edu.mk\/mk\/wp-json\/wp\/v2\/users\/4"}],"replies":[{"embeddable":true,"href":"https:\/\/fshi.edu.mk\/mk\/wp-json\/wp\/v2\/comments?post=4928"}],"version-history":[{"count":1,"href":"https:\/\/fshi.edu.mk\/mk\/wp-json\/wp\/v2\/posts\/4928\/revisions"}],"predecessor-version":[{"id":4930,"href":"https:\/\/fshi.edu.mk\/mk\/wp-json\/wp\/v2\/posts\/4928\/revisions\/4930"}],"wp:featuredmedia":[{"embeddable":true,"href":"https:\/\/fshi.edu.mk\/mk\/wp-json\/wp\/v2\/media\/4929"}],"wp:attachment":[{"href":"https:\/\/fshi.edu.mk\/mk\/wp-json\/wp\/v2\/media?parent=4928"}],"wp:term":[{"taxonomy":"category","embeddable":true,"href":"https:\/\/fshi.edu.mk\/mk\/wp-json\/wp\/v2\/categories?post=4928"},{"taxonomy":"post_tag","embeddable":true,"href":"https:\/\/fshi.edu.mk\/mk\/wp-json\/wp\/v2\/tags?post=4928"}],"curies":[{"name":"wp","href":"https:\/\/api.w.org\/{rel}","templated":true}]}}