{"id":4706,"date":"2025-11-28T10:31:59","date_gmt":"2025-11-28T10:31:59","guid":{"rendered":"https:\/\/fshi.edu.mk\/?p=4706"},"modified":"2025-11-29T10:33:50","modified_gmt":"2025-11-29T10:33:50","slug":"dekani-i-fakultetit-te-shkencave-islame-shkup-uron-festen-e-28-nentorit","status":"publish","type":"post","link":"https:\/\/fshi.edu.mk\/en\/dekani-i-fakultetit-te-shkencave-islame-shkup-uron-festen-e-28-nentorit\/","title":{"rendered":"Dekani i Fakultetit t\u00eb Shkencave Islame \u2013 Shkup uron Fest\u00ebn e 28 N\u00ebntorit"},"content":{"rendered":"<div class=\"xdj266r x14z9mp xat24cr x1lziwak x1vvkbs x126k92a\">\n<div dir=\"auto\">Me rastin e 28 N\u00ebntorit, Dit\u00ebs s\u00eb Pavar\u00ebsis\u00eb s\u00eb Shqip\u00ebris\u00eb, Dekani i Fakultetit t\u00eb Shkencave Islame n\u00eb Shkup p\u00ebrcjell urimet m\u00eb t\u00eb sinqerta p\u00ebr t\u00eb gjith\u00eb student\u00ebt, stafin akademik dhe bashk\u00ebpun\u00ebtor\u00ebt e institucionit.<\/div>\n<\/div>\n<div class=\"x14z9mp xat24cr x1lziwak x1vvkbs xtlvy1s x126k92a\">\n<div dir=\"auto\">Kjo dit\u00eb historike, e cila sh\u00ebnon nj\u00eb nga ngjarjet m\u00eb t\u00eb r\u00ebnd\u00ebsishme n\u00eb historin\u00eb e kombit shqiptar, na kujton sakrificat, vendosm\u00ebrin\u00eb dhe idealet q\u00eb udh\u00ebhoq\u00ebn brezat drejt liris\u00eb. 28 N\u00ebntori nuk \u00ebsht\u00eb vet\u00ebm nj\u00eb p\u00ebrvjetor, por nj\u00eb simbol i identitetit, unitetit dhe krenaris\u00eb son\u00eb komb\u00ebtare.<\/div>\n<\/div>\n<div class=\"x14z9mp xat24cr x1lziwak x1vvkbs xtlvy1s x126k92a\">\n<div dir=\"auto\">Fakulteti i Shkencave Islame, si institucion i arsimit dhe dijes, mb\u00ebshtet vlerat e paqes, bashk\u00ebjetes\u00ebs dhe p\u00ebrparimit shoq\u00ebror. N\u00eb k\u00ebt\u00eb dit\u00eb t\u00eb sh\u00ebnuar, ne shprehim mir\u00ebnjohje p\u00ebr t\u00eb kaluar\u00ebn dhe angazhohemi t\u00eb kontribuojm\u00eb p\u00ebr nj\u00eb t\u00eb ardhme m\u00eb t\u00eb mir\u00eb p\u00ebr t\u00eb rinjt\u00eb dhe komunitetin ton\u00eb.<\/div>\n<\/div>\n<div class=\"x14z9mp xat24cr x1lziwak x1vvkbs xtlvy1s x126k92a\">\n<div dir=\"auto\">N\u00eb em\u00ebr t\u00eb Fakultetit t\u00eb Shkencave Islame \u2013 Shkup, ju urojm\u00eb G\u00ebzuar 28 N\u00ebntorin, me d\u00ebshir\u00ebn q\u00eb kjo fest\u00eb t\u00eb sjell\u00eb paqe, mir\u00ebsi dhe mbar\u00ebsi p\u00ebr t\u00eb gjith\u00eb.<\/div>\n<\/div>\n<div class=\"x14z9mp xat24cr x1lziwak x1vvkbs xtlvy1s x126k92a\">\n<div dir=\"auto\">G\u00ebzuar Fest\u00ebn e Pavar\u00ebsis\u00eb!<\/div>\n<\/div>\n<div class=\"x14z9mp xat24cr x1lziwak x1vvkbs xtlvy1s x126k92a\">\n<div dir=\"auto\">Me respekt,<\/div>\n<div dir=\"auto\">Dekani i Fakultetit t\u00eb Shkencave Islame \u2013 Shkup<\/div>\n<div dir=\"auto\">Prof. Dr. Abdulxhemil Nesimi<\/div>\n<\/div>","protected":false},"excerpt":{"rendered":"<p>Me rastin e 28 N\u00ebntorit, Dit\u00ebs s\u00eb Pavar\u00ebsis\u00eb s\u00eb Shqip\u00ebris\u00eb, Dekani i Fakultetit t\u00eb Shkencave Islame n\u00eb Shkup p\u00ebrcjell urimet m\u00eb t\u00eb sinqerta p\u00ebr t\u00eb gjith\u00eb student\u00ebt, stafin akademik dhe bashk\u00ebpun\u00ebtor\u00ebt e institucionit. Kjo dit\u00eb historike, e cila sh\u00ebnon nj\u00eb nga ngjarjet m\u00eb t\u00eb r\u00ebnd\u00ebsishme n\u00eb historin\u00eb e kombit shqiptar, na kujton sakrificat, vendosm\u00ebrin\u00eb dhe idealet q\u00eb udh\u00ebhoq\u00ebn brezat drejt liris\u00eb. 28 N\u00ebntori nuk \u00ebsht\u00eb vet\u00ebm nj\u00eb p\u00ebrvjetor, por nj\u00eb simbol i identitetit, unitetit dhe krenaris\u00eb son\u00eb komb\u00ebtare. Fakulteti i Shkencave Islame, si institucion i arsimit dhe dijes, mb\u00ebshtet vlerat e paqes, bashk\u00ebjetes\u00ebs dhe p\u00ebrparimit shoq\u00ebror. N\u00eb k\u00ebt\u00eb dit\u00eb t\u00eb sh\u00ebnuar, <a href=\"https:\/\/fshi.edu.mk\/en\/dekani-i-fakultetit-te-shkencave-islame-shkup-uron-festen-e-28-nentorit\/\"> [&#8230;]<\/a><\/p>\n","protected":false},"author":4,"featured_media":4707,"comment_status":"closed","ping_status":"closed","sticky":false,"template":"","format":"standard","meta":{"footnotes":""},"categories":[2],"tags":[],"class_list":["post-4706","post","type-post","status-publish","format-standard","has-post-thumbnail","hentry","category-university-news"],"_links":{"self":[{"href":"https:\/\/fshi.edu.mk\/en\/wp-json\/wp\/v2\/posts\/4706","targetHints":{"allow":["GET"]}}],"collection":[{"href":"https:\/\/fshi.edu.mk\/en\/wp-json\/wp\/v2\/posts"}],"about":[{"href":"https:\/\/fshi.edu.mk\/en\/wp-json\/wp\/v2\/types\/post"}],"author":[{"embeddable":true,"href":"https:\/\/fshi.edu.mk\/en\/wp-json\/wp\/v2\/users\/4"}],"replies":[{"embeddable":true,"href":"https:\/\/fshi.edu.mk\/en\/wp-json\/wp\/v2\/comments?post=4706"}],"version-history":[{"count":1,"href":"https:\/\/fshi.edu.mk\/en\/wp-json\/wp\/v2\/posts\/4706\/revisions"}],"predecessor-version":[{"id":4708,"href":"https:\/\/fshi.edu.mk\/en\/wp-json\/wp\/v2\/posts\/4706\/revisions\/4708"}],"wp:featuredmedia":[{"embeddable":true,"href":"https:\/\/fshi.edu.mk\/en\/wp-json\/wp\/v2\/media\/4707"}],"wp:attachment":[{"href":"https:\/\/fshi.edu.mk\/en\/wp-json\/wp\/v2\/media?parent=4706"}],"wp:term":[{"taxonomy":"category","embeddable":true,"href":"https:\/\/fshi.edu.mk\/en\/wp-json\/wp\/v2\/categories?post=4706"},{"taxonomy":"post_tag","embeddable":true,"href":"https:\/\/fshi.edu.mk\/en\/wp-json\/wp\/v2\/tags?post=4706"}],"curies":[{"name":"wp","href":"https:\/\/api.w.org\/{rel}","templated":true}]}}